{"id":5508,"date":"2026-08-27T17:40:42","date_gmt":"2026-08-27T16:40:42","guid":{"rendered":"https:\/\/przeginia.edu.pl\/?p=5508"},"modified":"2026-08-31T08:03:56","modified_gmt":"2026-08-31T07:03:56","slug":"rozpoczecie-roku-szkolnego-2026-2027","status":"publish","type":"post","link":"https:\/\/przeginia.edu.pl\/index.php\/2026\/08\/27\/rozpoczecie-roku-szkolnego-2026-2027\/","title":{"rendered":"Rozpocz\u0119cie roku szkolnego 2026\/2027."},"content":{"rendered":"<div class=\"wpb-content-wrapper\" id=\"wpb-content-root\">[vc_row][vc_column][vc_column_text]Poni\u017cej zamieszczone s\u0105 informacje odno\u015bnie rozpocz\u0119cia roku szkolnego 2026\/2027. Prosimy o zapoznanie si\u0119.\n\n[\/vc_column_text][\/vc_column][\/vc_row][vc_row][vc_column][vc_media_grid grid_id=&#8221;vc_gid:1788159828408-1343a798282d99eac81c5d4cddcf930f-6&#8243; include=&#8221;5510&#8243;][\/vc_column][\/vc_row]<\/div>","protected":false},"excerpt":{"rendered":"<p>[vc_row][vc_column][vc_column_text]Poni\u017cej zamieszczone s\u0105 informacje odno\u015bnie rozpocz\u0119cia roku szkolnego 2026\/2027. Prosimy o zapoznanie si\u0119. [\/vc_column_text][\/vc_column][\/vc_row][vc_row][vc_column][vc_media_grid grid_id=&#8221;vc_gid:1788159828408-1343a798282d99eac81c5d4cddcf930f-6&#8243; include=&#8221;5510&#8243;][\/vc_column][\/vc_row]<\/p>\n","protected":false},"author":2,"featured_media":3857,"comment_status":"closed","ping_status":"closed","sticky":false,"template":"","format":"standard","meta":{"footnotes":""},"categories":[1,4],"tags":[],"class_list":["post-5508","post","type-post","status-publish","format-standard","has-post-thumbnail","hentry","category-bez-kategorii","category-sp2526","category-1","category-4","description-off"],"yoast_head":"<!-- This site is optimized with the Yoast SEO plugin v28.4 - https:\/\/yoast.com\/product\/yoast-seo-wordpress\/ -->\n<title>Rozpocz\u0119cie roku szkolnego 2026\/2027. - Zesp&oacute;\u0142 Szk&oacute;\u0142 w Przegini<\/title>\n<meta name=\"robots\" content=\"index, follow, max-snippet:-1, max-image-preview:large, max-video-preview:-1\" \/>\n<link rel=\"canonical\" href=\"https:\/\/przeginia.edu.pl\/index.php\/2026\/08\/27\/rozpoczecie-roku-szkolnego-2026-2027\/\" \/>\n<meta property=\"og:locale\" content=\"pl_PL\" \/>\n<meta property=\"og:type\" content=\"article\" \/>\n<meta property=\"og:title\" content=\"Rozpocz\u0119cie roku szkolnego 2026\/2027. - Zesp&oacute;\u0142 Szk&oacute;\u0142 w Przegini\" \/>\n<meta property=\"og:description\" content=\"[vc_row][vc_column][vc_column_text]Poni\u017cej zamieszczone s\u0105 informacje odno\u015bnie rozpocz\u0119cia roku szkolnego 2026\/2027. Prosimy o zapoznanie si\u0119. [\/vc_column_text][\/vc_column][\/vc_row][vc_row][vc_column][vc_media_grid grid_id=&#8221;vc_gid:1788159828408-1343a798282d99eac81c5d4cddcf930f-6&#8243; include=&#8221;5510&#8243;][\/vc_column][\/vc_row]\" \/>\n<meta property=\"og:url\" content=\"https:\/\/przeginia.edu.pl\/index.php\/2026\/08\/27\/rozpoczecie-roku-szkolnego-2026-2027\/\" \/>\n<meta property=\"og:site_name\" content=\"Zesp&oacute;\u0142 Szk&oacute;\u0142 w Przegini\" \/>\n<meta property=\"article:published_time\" content=\"2026-08-27T16:40:42+00:00\" \/>\n<meta property=\"article:modified_time\" content=\"2026-08-31T07:03:56+00:00\" \/>\n<meta property=\"og:image\" content=\"https:\/\/przeginia.edu.pl\/wp-content\/uploads\/2026\/03\/zkol-1.jpg\" \/>\n\t<meta property=\"og:image:width\" content=\"1414\" \/>\n\t<meta property=\"og:image:height\" content=\"2000\" \/>\n\t<meta property=\"og:image:type\" content=\"image\/jpeg\" \/>\n<meta name=\"author\" content=\"Katarzyna Tyliba\" \/>\n<meta name=\"twitter:card\" content=\"summary_large_image\" \/>\n<meta name=\"twitter:label1\" content=\"Napisane przez\" \/>\n\t<meta name=\"twitter:data1\" content=\"Katarzyna Tyliba\" \/>\n\t<meta name=\"twitter:label2\" content=\"Szacowany czas czytania\" \/>\n\t<meta name=\"twitter:data2\" content=\"1 minuta\" \/>\n<script type=\"application\/ld+json\" class=\"yoast-schema-graph\">{\"@context\":\"https:\\\/\\\/schema.org\",\"@graph\":[{\"@type\":\"Article\",\"@id\":\"https:\\\/\\\/przeginia.edu.pl\\\/index.php\\\/2026\\\/08\\\/27\\\/rozpoczecie-roku-szkolnego-2026-2027\\\/#article\",\"isPartOf\":{\"@id\":\"https:\\\/\\\/przeginia.edu.pl\\\/index.php\\\/2026\\\/08\\\/27\\\/rozpoczecie-roku-szkolnego-2026-2027\\\/\"},\"author\":{\"name\":\"Katarzyna Tyliba\",\"@id\":\"https:\\\/\\\/przeginia.edu.pl\\\/#\\\/schema\\\/person\\\/5e0a6cea35295986cc5ffd4768ad8170\"},\"headline\":\"Rozpocz\u0119cie roku szkolnego 2026\\\/2027.\",\"datePublished\":\"2026-08-27T16:40:42+00:00\",\"dateModified\":\"2026-08-31T07:03:56+00:00\",\"mainEntityOfPage\":{\"@id\":\"https:\\\/\\\/przeginia.edu.pl\\\/index.php\\\/2026\\\/08\\\/27\\\/rozpoczecie-roku-szkolnego-2026-2027\\\/\"},\"wordCount\":57,\"publisher\":{\"@id\":\"https:\\\/\\\/przeginia.edu.pl\\\/#organization\"},\"image\":{\"@id\":\"https:\\\/\\\/przeginia.edu.pl\\\/index.php\\\/2026\\\/08\\\/27\\\/rozpoczecie-roku-szkolnego-2026-2027\\\/#primaryimage\"},\"thumbnailUrl\":\"https:\\\/\\\/przeginia.edu.pl\\\/wp-content\\\/uploads\\\/2026\\\/03\\\/zkol-1.jpg\",\"articleSection\":{\"1\":\"Szko\u0142a Podstawowa 2025\\\/26\"},\"inLanguage\":\"pl-PL\"},{\"@type\":\"WebPage\",\"@id\":\"https:\\\/\\\/przeginia.edu.pl\\\/index.php\\\/2026\\\/08\\\/27\\\/rozpoczecie-roku-szkolnego-2026-2027\\\/\",\"url\":\"https:\\\/\\\/przeginia.edu.pl\\\/index.php\\\/2026\\\/08\\\/27\\\/rozpoczecie-roku-szkolnego-2026-2027\\\/\",\"name\":\"Rozpocz\u0119cie roku szkolnego 2026\\\/2027. - Zesp&oacute;\u0142 Szk&oacute;\u0142 w Przegini\",\"isPartOf\":{\"@id\":\"https:\\\/\\\/przeginia.edu.pl\\\/#website\"},\"primaryImageOfPage\":{\"@id\":\"https:\\\/\\\/przeginia.edu.pl\\\/index.php\\\/2026\\\/08\\\/27\\\/rozpoczecie-roku-szkolnego-2026-2027\\\/#primaryimage\"},\"image\":{\"@id\":\"https:\\\/\\\/przeginia.edu.pl\\\/index.php\\\/2026\\\/08\\\/27\\\/rozpoczecie-roku-szkolnego-2026-2027\\\/#primaryimage\"},\"thumbnailUrl\":\"https:\\\/\\\/przeginia.edu.pl\\\/wp-content\\\/uploads\\\/2026\\\/03\\\/zkol-1.jpg\",\"datePublished\":\"2026-08-27T16:40:42+00:00\",\"dateModified\":\"2026-08-31T07:03:56+00:00\",\"breadcrumb\":{\"@id\":\"https:\\\/\\\/przeginia.edu.pl\\\/index.php\\\/2026\\\/08\\\/27\\\/rozpoczecie-roku-szkolnego-2026-2027\\\/#breadcrumb\"},\"inLanguage\":\"pl-PL\",\"potentialAction\":[{\"@type\":\"ReadAction\",\"target\":[\"https:\\\/\\\/przeginia.edu.pl\\\/index.php\\\/2026\\\/08\\\/27\\\/rozpoczecie-roku-szkolnego-2026-2027\\\/\"]}]},{\"@type\":\"ImageObject\",\"inLanguage\":\"pl-PL\",\"@id\":\"https:\\\/\\\/przeginia.edu.pl\\\/index.php\\\/2026\\\/08\\\/27\\\/rozpoczecie-roku-szkolnego-2026-2027\\\/#primaryimage\",\"url\":\"https:\\\/\\\/przeginia.edu.pl\\\/wp-content\\\/uploads\\\/2026\\\/03\\\/zkol-1.jpg\",\"contentUrl\":\"https:\\\/\\\/przeginia.edu.pl\\\/wp-content\\\/uploads\\\/2026\\\/03\\\/zkol-1.jpg\",\"width\":1414,\"height\":2000},{\"@type\":\"BreadcrumbList\",\"@id\":\"https:\\\/\\\/przeginia.edu.pl\\\/index.php\\\/2026\\\/08\\\/27\\\/rozpoczecie-roku-szkolnego-2026-2027\\\/#breadcrumb\",\"itemListElement\":[{\"@type\":\"ListItem\",\"position\":1,\"name\":\"Strona g\u0142\u00f3wna\",\"item\":\"https:\\\/\\\/przeginia.edu.pl\\\/\"},{\"@type\":\"ListItem\",\"position\":2,\"name\":\"Rozpocz\u0119cie roku szkolnego 2026\\\/2027.\"}]},{\"@type\":\"WebSite\",\"@id\":\"https:\\\/\\\/przeginia.edu.pl\\\/#website\",\"url\":\"https:\\\/\\\/przeginia.edu.pl\\\/\",\"name\":\"Zesp\u00f3\u0142 Szk\u00f3\u0142 w Przegini\",\"description\":\"Odwaga w dzia\u0142aniu, m\u0105dro\u015b\u0107 w nauce, serce w przyja\u017ani.\",\"publisher\":{\"@id\":\"https:\\\/\\\/przeginia.edu.pl\\\/#organization\"},\"potentialAction\":[{\"@type\":\"SearchAction\",\"target\":{\"@type\":\"EntryPoint\",\"urlTemplate\":\"https:\\\/\\\/przeginia.edu.pl\\\/?s={search_term_string}\"},\"query-input\":{\"@type\":\"PropertyValueSpecification\",\"valueRequired\":true,\"valueName\":\"search_term_string\"}}],\"inLanguage\":\"pl-PL\"},{\"@type\":\"Organization\",\"@id\":\"https:\\\/\\\/przeginia.edu.pl\\\/#organization\",\"name\":\"Zesp\u00f3\u0142 Szk\u00f3\u0142 w Przegini\",\"url\":\"https:\\\/\\\/przeginia.edu.pl\\\/\",\"logo\":{\"@type\":\"ImageObject\",\"inLanguage\":\"pl-PL\",\"@id\":\"https:\\\/\\\/przeginia.edu.pl\\\/#\\\/schema\\\/logo\\\/image\\\/\",\"url\":\"https:\\\/\\\/przeginia.edu.pl\\\/wp-content\\\/uploads\\\/2026\\\/02\\\/log-100.png\",\"contentUrl\":\"https:\\\/\\\/przeginia.edu.pl\\\/wp-content\\\/uploads\\\/2026\\\/02\\\/log-100.png\",\"width\":470,\"height\":100,\"caption\":\"Zesp\u00f3\u0142 Szk\u00f3\u0142 w Przegini\"},\"image\":{\"@id\":\"https:\\\/\\\/przeginia.edu.pl\\\/#\\\/schema\\\/logo\\\/image\\\/\"}},{\"@type\":\"Person\",\"@id\":\"https:\\\/\\\/przeginia.edu.pl\\\/#\\\/schema\\\/person\\\/5e0a6cea35295986cc5ffd4768ad8170\",\"name\":\"Katarzyna Tyliba\",\"image\":{\"@type\":\"ImageObject\",\"inLanguage\":\"pl-PL\",\"@id\":\"https:\\\/\\\/secure.gravatar.com\\\/avatar\\\/0be7c2220af6d932f2a80a8af4cadf3964958687aed76fff8aa9c99d3a04c85f?s=96&d=mm&r=g\",\"url\":\"https:\\\/\\\/secure.gravatar.com\\\/avatar\\\/0be7c2220af6d932f2a80a8af4cadf3964958687aed76fff8aa9c99d3a04c85f?s=96&d=mm&r=g\",\"contentUrl\":\"https:\\\/\\\/secure.gravatar.com\\\/avatar\\\/0be7c2220af6d932f2a80a8af4cadf3964958687aed76fff8aa9c99d3a04c85f?s=96&d=mm&r=g\",\"caption\":\"Katarzyna Tyliba\"},\"sameAs\":[\"http:\\\/\\\/przeginia.edu.pl\"],\"url\":\"https:\\\/\\\/przeginia.edu.pl\\\/index.php\\\/author\\\/katarzyna\\\/\"}]}<\/script>\n<!-- \/ Yoast SEO plugin. -->","yoast_head_json":{"title":"Rozpocz\u0119cie roku szkolnego 2026\/2027. - Zesp&oacute;\u0142 Szk&oacute;\u0142 w Przegini","robots":{"index":"index","follow":"follow","max-snippet":"max-snippet:-1","max-image-preview":"max-image-preview:large","max-video-preview":"max-video-preview:-1"},"canonical":"https:\/\/przeginia.edu.pl\/index.php\/2026\/08\/27\/rozpoczecie-roku-szkolnego-2026-2027\/","og_locale":"pl_PL","og_type":"article","og_title":"Rozpocz\u0119cie roku szkolnego 2026\/2027. - Zesp&oacute;\u0142 Szk&oacute;\u0142 w Przegini","og_description":"[vc_row][vc_column][vc_column_text]Poni\u017cej zamieszczone s\u0105 informacje odno\u015bnie rozpocz\u0119cia roku szkolnego 2026\/2027. Prosimy o zapoznanie si\u0119. [\/vc_column_text][\/vc_column][\/vc_row][vc_row][vc_column][vc_media_grid grid_id=&#8221;vc_gid:1788159828408-1343a798282d99eac81c5d4cddcf930f-6&#8243; include=&#8221;5510&#8243;][\/vc_column][\/vc_row]","og_url":"https:\/\/przeginia.edu.pl\/index.php\/2026\/08\/27\/rozpoczecie-roku-szkolnego-2026-2027\/","og_site_name":"Zesp&oacute;\u0142 Szk&oacute;\u0142 w Przegini","article_published_time":"2026-08-27T16:40:42+00:00","article_modified_time":"2026-08-31T07:03:56+00:00","og_image":[{"width":1414,"height":2000,"url":"https:\/\/przeginia.edu.pl\/wp-content\/uploads\/2026\/03\/zkol-1.jpg","type":"image\/jpeg"}],"author":"Katarzyna Tyliba","twitter_card":"summary_large_image","twitter_misc":{"Napisane przez":"Katarzyna Tyliba","Szacowany czas czytania":"1 minuta"},"schema":{"@context":"https:\/\/schema.org","@graph":[{"@type":"Article","@id":"https:\/\/przeginia.edu.pl\/index.php\/2026\/08\/27\/rozpoczecie-roku-szkolnego-2026-2027\/#article","isPartOf":{"@id":"https:\/\/przeginia.edu.pl\/index.php\/2026\/08\/27\/rozpoczecie-roku-szkolnego-2026-2027\/"},"author":{"name":"Katarzyna Tyliba","@id":"https:\/\/przeginia.edu.pl\/#\/schema\/person\/5e0a6cea35295986cc5ffd4768ad8170"},"headline":"Rozpocz\u0119cie roku szkolnego 2026\/2027.","datePublished":"2026-08-27T16:40:42+00:00","dateModified":"2026-08-31T07:03:56+00:00","mainEntityOfPage":{"@id":"https:\/\/przeginia.edu.pl\/index.php\/2026\/08\/27\/rozpoczecie-roku-szkolnego-2026-2027\/"},"wordCount":57,"publisher":{"@id":"https:\/\/przeginia.edu.pl\/#organization"},"image":{"@id":"https:\/\/przeginia.edu.pl\/index.php\/2026\/08\/27\/rozpoczecie-roku-szkolnego-2026-2027\/#primaryimage"},"thumbnailUrl":"https:\/\/przeginia.edu.pl\/wp-content\/uploads\/2026\/03\/zkol-1.jpg","articleSection":{"1":"Szko\u0142a Podstawowa 2025\/26"},"inLanguage":"pl-PL"},{"@type":"WebPage","@id":"https:\/\/przeginia.edu.pl\/index.php\/2026\/08\/27\/rozpoczecie-roku-szkolnego-2026-2027\/","url":"https:\/\/przeginia.edu.pl\/index.php\/2026\/08\/27\/rozpoczecie-roku-szkolnego-2026-2027\/","name":"Rozpocz\u0119cie roku szkolnego 2026\/2027. - Zesp&oacute;\u0142 Szk&oacute;\u0142 w Przegini","isPartOf":{"@id":"https:\/\/przeginia.edu.pl\/#website"},"primaryImageOfPage":{"@id":"https:\/\/przeginia.edu.pl\/index.php\/2026\/08\/27\/rozpoczecie-roku-szkolnego-2026-2027\/#primaryimage"},"image":{"@id":"https:\/\/przeginia.edu.pl\/index.php\/2026\/08\/27\/rozpoczecie-roku-szkolnego-2026-2027\/#primaryimage"},"thumbnailUrl":"https:\/\/przeginia.edu.pl\/wp-content\/uploads\/2026\/03\/zkol-1.jpg","datePublished":"2026-08-27T16:40:42+00:00","dateModified":"2026-08-31T07:03:56+00:00","breadcrumb":{"@id":"https:\/\/przeginia.edu.pl\/index.php\/2026\/08\/27\/rozpoczecie-roku-szkolnego-2026-2027\/#breadcrumb"},"inLanguage":"pl-PL","potentialAction":[{"@type":"ReadAction","target":["https:\/\/przeginia.edu.pl\/index.php\/2026\/08\/27\/rozpoczecie-roku-szkolnego-2026-2027\/"]}]},{"@type":"ImageObject","inLanguage":"pl-PL","@id":"https:\/\/przeginia.edu.pl\/index.php\/2026\/08\/27\/rozpoczecie-roku-szkolnego-2026-2027\/#primaryimage","url":"https:\/\/przeginia.edu.pl\/wp-content\/uploads\/2026\/03\/zkol-1.jpg","contentUrl":"https:\/\/przeginia.edu.pl\/wp-content\/uploads\/2026\/03\/zkol-1.jpg","width":1414,"height":2000},{"@type":"BreadcrumbList","@id":"https:\/\/przeginia.edu.pl\/index.php\/2026\/08\/27\/rozpoczecie-roku-szkolnego-2026-2027\/#breadcrumb","itemListElement":[{"@type":"ListItem","position":1,"name":"Strona g\u0142\u00f3wna","item":"https:\/\/przeginia.edu.pl\/"},{"@type":"ListItem","position":2,"name":"Rozpocz\u0119cie roku szkolnego 2026\/2027."}]},{"@type":"WebSite","@id":"https:\/\/przeginia.edu.pl\/#website","url":"https:\/\/przeginia.edu.pl\/","name":"Zesp\u00f3\u0142 Szk\u00f3\u0142 w Przegini","description":"Odwaga w dzia\u0142aniu, m\u0105dro\u015b\u0107 w nauce, serce w przyja\u017ani.","publisher":{"@id":"https:\/\/przeginia.edu.pl\/#organization"},"potentialAction":[{"@type":"SearchAction","target":{"@type":"EntryPoint","urlTemplate":"https:\/\/przeginia.edu.pl\/?s={search_term_string}"},"query-input":{"@type":"PropertyValueSpecification","valueRequired":true,"valueName":"search_term_string"}}],"inLanguage":"pl-PL"},{"@type":"Organization","@id":"https:\/\/przeginia.edu.pl\/#organization","name":"Zesp\u00f3\u0142 Szk\u00f3\u0142 w Przegini","url":"https:\/\/przeginia.edu.pl\/","logo":{"@type":"ImageObject","inLanguage":"pl-PL","@id":"https:\/\/przeginia.edu.pl\/#\/schema\/logo\/image\/","url":"https:\/\/przeginia.edu.pl\/wp-content\/uploads\/2026\/02\/log-100.png","contentUrl":"https:\/\/przeginia.edu.pl\/wp-content\/uploads\/2026\/02\/log-100.png","width":470,"height":100,"caption":"Zesp\u00f3\u0142 Szk\u00f3\u0142 w Przegini"},"image":{"@id":"https:\/\/przeginia.edu.pl\/#\/schema\/logo\/image\/"}},{"@type":"Person","@id":"https:\/\/przeginia.edu.pl\/#\/schema\/person\/5e0a6cea35295986cc5ffd4768ad8170","name":"Katarzyna Tyliba","image":{"@type":"ImageObject","inLanguage":"pl-PL","@id":"https:\/\/secure.gravatar.com\/avatar\/0be7c2220af6d932f2a80a8af4cadf3964958687aed76fff8aa9c99d3a04c85f?s=96&d=mm&r=g","url":"https:\/\/secure.gravatar.com\/avatar\/0be7c2220af6d932f2a80a8af4cadf3964958687aed76fff8aa9c99d3a04c85f?s=96&d=mm&r=g","contentUrl":"https:\/\/secure.gravatar.com\/avatar\/0be7c2220af6d932f2a80a8af4cadf3964958687aed76fff8aa9c99d3a04c85f?s=96&d=mm&r=g","caption":"Katarzyna Tyliba"},"sameAs":["http:\/\/przeginia.edu.pl"],"url":"https:\/\/przeginia.edu.pl\/index.php\/author\/katarzyna\/"}]}},"_links":{"self":[{"href":"https:\/\/przeginia.edu.pl\/index.php\/wp-json\/wp\/v2\/posts\/5508","targetHints":{"allow":["GET"]}}],"collection":[{"href":"https:\/\/przeginia.edu.pl\/index.php\/wp-json\/wp\/v2\/posts"}],"about":[{"href":"https:\/\/przeginia.edu.pl\/index.php\/wp-json\/wp\/v2\/types\/post"}],"author":[{"embeddable":true,"href":"https:\/\/przeginia.edu.pl\/index.php\/wp-json\/wp\/v2\/users\/2"}],"replies":[{"embeddable":true,"href":"https:\/\/przeginia.edu.pl\/index.php\/wp-json\/wp\/v2\/comments?post=5508"}],"version-history":[{"count":3,"href":"https:\/\/przeginia.edu.pl\/index.php\/wp-json\/wp\/v2\/posts\/5508\/revisions"}],"predecessor-version":[{"id":5517,"href":"https:\/\/przeginia.edu.pl\/index.php\/wp-json\/wp\/v2\/posts\/5508\/revisions\/5517"}],"wp:featuredmedia":[{"embeddable":true,"href":"https:\/\/przeginia.edu.pl\/index.php\/wp-json\/wp\/v2\/media\/3857"}],"wp:attachment":[{"href":"https:\/\/przeginia.edu.pl\/index.php\/wp-json\/wp\/v2\/media?parent=5508"}],"wp:term":[{"taxonomy":"category","embeddable":true,"href":"https:\/\/przeginia.edu.pl\/index.php\/wp-json\/wp\/v2\/categories?post=5508"},{"taxonomy":"post_tag","embeddable":true,"href":"https:\/\/przeginia.edu.pl\/index.php\/wp-json\/wp\/v2\/tags?post=5508"}],"curies":[{"name":"wp","href":"https:\/\/api.w.org\/{rel}","templated":true}]}}