{"id":2875,"date":"2025-10-01T00:00:00","date_gmt":"2025-10-01T00:00:00","guid":{"rendered":"https:\/\/przeginia.edu.pl\/index.php\/2025\/10\/01\/wycieczka-klas-5\/"},"modified":"2026-01-13T19:24:11","modified_gmt":"2026-01-13T19:24:11","slug":"wycieczka-klas-5","status":"publish","type":"post","link":"https:\/\/przeginia.edu.pl\/index.php\/2025\/10\/01\/wycieczka-klas-5\/","title":{"rendered":"Wycieczka klas 5"},"content":{"rendered":"<p>W dniu dzisiejszym klasa 5a i 5b wybra\u0142y si\u0119 na wycieczk\u0119 na Leskowiec. Cho\u0107 warunki nie sprzyja\u0142y, to wszyscy dzielnie maszerowali, nie zwa\u017caj\u0105c na deszcz i wiatr. W drodze powrotnej humory dopisywa\u0142y pomimo akrobatycznych wyczyn\u00f3w.<br \/>\nEmocji nie brakowa\u0142o (Maja wie o co chodzi).<\/p>\n\n\n<figure class=\"wp-block-gallery has-nested-images columns-default is-cropped wp-block-gallery-1 is-layout-flex wp-block-gallery-is-layout-flex\">\n<figure class=\"wp-block-image size-large\"><img loading=\"lazy\" decoding=\"async\" width=\"749\" height=\"999\" data-id=\"3156\" src=\"https:\/\/przeginia.edu.pl\/wp-content\/uploads\/2026\/01\/IMG_0352-scaled-1.jpeg\" alt=\"\" class=\"wp-image-3156\" srcset=\"https:\/\/przeginia.edu.pl\/wp-content\/uploads\/2026\/01\/IMG_0352-scaled-1.jpeg 749w, https:\/\/przeginia.edu.pl\/wp-content\/uploads\/2026\/01\/IMG_0352-scaled-1-225x300.jpeg 225w\" sizes=\"auto, (max-width: 749px) 100vw, 749px\" \/><\/figure>\n<\/figure>\n","protected":false},"excerpt":{"rendered":"<p>W dniu dzisiejszym klasa 5a i 5b wybra\u0142y si\u0119 na wycieczk\u0119 na Leskowiec. Cho\u0107 warunki nie sprzyja\u0142y, to wszyscy dzielnie maszerowali, nie zwa\u017caj\u0105c na deszcz i wiatr. W drodze powrotnej humory dopisywa\u0142y pomimo akrobatycznych wyczyn\u00f3w. Emocji nie brakowa\u0142o (Maja wie o co chodzi).<\/p>\n","protected":false},"author":1,"featured_media":3156,"comment_status":"closed","ping_status":"closed","sticky":false,"template":"","format":"standard","meta":{"footnotes":""},"categories":[4],"tags":[],"class_list":["post-2875","post","type-post","status-publish","format-standard","has-post-thumbnail","hentry","category-sp2526","category-4","description-off"],"yoast_head":"<!-- This site is optimized with the Yoast SEO plugin v27.4 - https:\/\/yoast.com\/product\/yoast-seo-wordpress\/ -->\n<title>Wycieczka klas 5 - Zesp&oacute;\u0142 Szk&oacute;\u0142 w Przegini<\/title>\n<meta name=\"robots\" content=\"index, follow, max-snippet:-1, max-image-preview:large, max-video-preview:-1\" \/>\n<link rel=\"canonical\" href=\"https:\/\/przeginia.edu.pl\/index.php\/2025\/10\/01\/wycieczka-klas-5\/\" \/>\n<meta property=\"og:locale\" content=\"pl_PL\" \/>\n<meta property=\"og:type\" content=\"article\" \/>\n<meta property=\"og:title\" content=\"Wycieczka klas 5 - Zesp&oacute;\u0142 Szk&oacute;\u0142 w Przegini\" \/>\n<meta property=\"og:description\" content=\"W dniu dzisiejszym klasa 5a i 5b wybra\u0142y si\u0119 na wycieczk\u0119 na Leskowiec. Cho\u0107 warunki nie sprzyja\u0142y, to wszyscy dzielnie maszerowali, nie zwa\u017caj\u0105c na deszcz i wiatr. W drodze powrotnej humory dopisywa\u0142y pomimo akrobatycznych wyczyn\u00f3w. Emocji nie brakowa\u0142o (Maja wie o co chodzi).\" \/>\n<meta property=\"og:url\" content=\"https:\/\/przeginia.edu.pl\/index.php\/2025\/10\/01\/wycieczka-klas-5\/\" \/>\n<meta property=\"og:site_name\" content=\"Zesp&oacute;\u0142 Szk&oacute;\u0142 w Przegini\" \/>\n<meta property=\"article:published_time\" content=\"2025-10-01T00:00:00+00:00\" \/>\n<meta property=\"article:modified_time\" content=\"2026-01-13T19:24:11+00:00\" \/>\n<meta property=\"og:image\" content=\"https:\/\/przeginia.edu.pl\/wp-content\/uploads\/2026\/01\/IMG_0352-scaled-1.jpeg\" \/>\n\t<meta property=\"og:image:width\" content=\"749\" \/>\n\t<meta property=\"og:image:height\" content=\"999\" \/>\n\t<meta property=\"og:image:type\" content=\"image\/jpeg\" \/>\n<meta name=\"author\" content=\"admin\" \/>\n<meta name=\"twitter:card\" content=\"summary_large_image\" \/>\n<meta name=\"twitter:label1\" content=\"Napisane przez\" \/>\n\t<meta name=\"twitter:data1\" content=\"admin\" \/>\n<script type=\"application\/ld+json\" class=\"yoast-schema-graph\">{\"@context\":\"https:\\\/\\\/schema.org\",\"@graph\":[{\"@type\":\"Article\",\"@id\":\"https:\\\/\\\/przeginia.edu.pl\\\/index.php\\\/2025\\\/10\\\/01\\\/wycieczka-klas-5\\\/#article\",\"isPartOf\":{\"@id\":\"https:\\\/\\\/przeginia.edu.pl\\\/index.php\\\/2025\\\/10\\\/01\\\/wycieczka-klas-5\\\/\"},\"author\":{\"name\":\"admin\",\"@id\":\"https:\\\/\\\/przeginia.edu.pl\\\/#\\\/schema\\\/person\\\/1aa7b162ac900bc6f0537702220cb130\"},\"headline\":\"Wycieczka klas 5\",\"datePublished\":\"2025-10-01T00:00:00+00:00\",\"dateModified\":\"2026-01-13T19:24:11+00:00\",\"mainEntityOfPage\":{\"@id\":\"https:\\\/\\\/przeginia.edu.pl\\\/index.php\\\/2025\\\/10\\\/01\\\/wycieczka-klas-5\\\/\"},\"wordCount\":52,\"publisher\":{\"@id\":\"https:\\\/\\\/przeginia.edu.pl\\\/#organization\"},\"image\":{\"@id\":\"https:\\\/\\\/przeginia.edu.pl\\\/index.php\\\/2025\\\/10\\\/01\\\/wycieczka-klas-5\\\/#primaryimage\"},\"thumbnailUrl\":\"https:\\\/\\\/przeginia.edu.pl\\\/wp-content\\\/uploads\\\/2026\\\/01\\\/IMG_0352-scaled-1.jpeg\",\"articleSection\":[\"Szko\u0142a Podstawowa 2025\\\/26\"],\"inLanguage\":\"pl-PL\"},{\"@type\":\"WebPage\",\"@id\":\"https:\\\/\\\/przeginia.edu.pl\\\/index.php\\\/2025\\\/10\\\/01\\\/wycieczka-klas-5\\\/\",\"url\":\"https:\\\/\\\/przeginia.edu.pl\\\/index.php\\\/2025\\\/10\\\/01\\\/wycieczka-klas-5\\\/\",\"name\":\"Wycieczka klas 5 - Zesp&oacute;\u0142 Szk&oacute;\u0142 w Przegini\",\"isPartOf\":{\"@id\":\"https:\\\/\\\/przeginia.edu.pl\\\/#website\"},\"primaryImageOfPage\":{\"@id\":\"https:\\\/\\\/przeginia.edu.pl\\\/index.php\\\/2025\\\/10\\\/01\\\/wycieczka-klas-5\\\/#primaryimage\"},\"image\":{\"@id\":\"https:\\\/\\\/przeginia.edu.pl\\\/index.php\\\/2025\\\/10\\\/01\\\/wycieczka-klas-5\\\/#primaryimage\"},\"thumbnailUrl\":\"https:\\\/\\\/przeginia.edu.pl\\\/wp-content\\\/uploads\\\/2026\\\/01\\\/IMG_0352-scaled-1.jpeg\",\"datePublished\":\"2025-10-01T00:00:00+00:00\",\"dateModified\":\"2026-01-13T19:24:11+00:00\",\"breadcrumb\":{\"@id\":\"https:\\\/\\\/przeginia.edu.pl\\\/index.php\\\/2025\\\/10\\\/01\\\/wycieczka-klas-5\\\/#breadcrumb\"},\"inLanguage\":\"pl-PL\",\"potentialAction\":[{\"@type\":\"ReadAction\",\"target\":[\"https:\\\/\\\/przeginia.edu.pl\\\/index.php\\\/2025\\\/10\\\/01\\\/wycieczka-klas-5\\\/\"]}]},{\"@type\":\"ImageObject\",\"inLanguage\":\"pl-PL\",\"@id\":\"https:\\\/\\\/przeginia.edu.pl\\\/index.php\\\/2025\\\/10\\\/01\\\/wycieczka-klas-5\\\/#primaryimage\",\"url\":\"https:\\\/\\\/przeginia.edu.pl\\\/wp-content\\\/uploads\\\/2026\\\/01\\\/IMG_0352-scaled-1.jpeg\",\"contentUrl\":\"https:\\\/\\\/przeginia.edu.pl\\\/wp-content\\\/uploads\\\/2026\\\/01\\\/IMG_0352-scaled-1.jpeg\",\"width\":749,\"height\":999},{\"@type\":\"BreadcrumbList\",\"@id\":\"https:\\\/\\\/przeginia.edu.pl\\\/index.php\\\/2025\\\/10\\\/01\\\/wycieczka-klas-5\\\/#breadcrumb\",\"itemListElement\":[{\"@type\":\"ListItem\",\"position\":1,\"name\":\"Strona g\u0142\u00f3wna\",\"item\":\"https:\\\/\\\/przeginia.edu.pl\\\/\"},{\"@type\":\"ListItem\",\"position\":2,\"name\":\"Wycieczka klas 5\"}]},{\"@type\":\"WebSite\",\"@id\":\"https:\\\/\\\/przeginia.edu.pl\\\/#website\",\"url\":\"https:\\\/\\\/przeginia.edu.pl\\\/\",\"name\":\"Zesp\u00f3\u0142 Szk\u00f3\u0142 w Przegini\",\"description\":\"Odwaga w dzia\u0142aniu, m\u0105dro\u015b\u0107 w nauce, serce w przyja\u017ani.\",\"publisher\":{\"@id\":\"https:\\\/\\\/przeginia.edu.pl\\\/#organization\"},\"potentialAction\":[{\"@type\":\"SearchAction\",\"target\":{\"@type\":\"EntryPoint\",\"urlTemplate\":\"https:\\\/\\\/przeginia.edu.pl\\\/?s={search_term_string}\"},\"query-input\":{\"@type\":\"PropertyValueSpecification\",\"valueRequired\":true,\"valueName\":\"search_term_string\"}}],\"inLanguage\":\"pl-PL\"},{\"@type\":\"Organization\",\"@id\":\"https:\\\/\\\/przeginia.edu.pl\\\/#organization\",\"name\":\"Zesp\u00f3\u0142 Szk\u00f3\u0142 w Przegini\",\"url\":\"https:\\\/\\\/przeginia.edu.pl\\\/\",\"logo\":{\"@type\":\"ImageObject\",\"inLanguage\":\"pl-PL\",\"@id\":\"https:\\\/\\\/przeginia.edu.pl\\\/#\\\/schema\\\/logo\\\/image\\\/\",\"url\":\"https:\\\/\\\/przeginia.edu.pl\\\/wp-content\\\/uploads\\\/2026\\\/02\\\/log-100.png\",\"contentUrl\":\"https:\\\/\\\/przeginia.edu.pl\\\/wp-content\\\/uploads\\\/2026\\\/02\\\/log-100.png\",\"width\":470,\"height\":100,\"caption\":\"Zesp\u00f3\u0142 Szk\u00f3\u0142 w Przegini\"},\"image\":{\"@id\":\"https:\\\/\\\/przeginia.edu.pl\\\/#\\\/schema\\\/logo\\\/image\\\/\"}},{\"@type\":\"Person\",\"@id\":\"https:\\\/\\\/przeginia.edu.pl\\\/#\\\/schema\\\/person\\\/1aa7b162ac900bc6f0537702220cb130\",\"name\":\"admin\",\"image\":{\"@type\":\"ImageObject\",\"inLanguage\":\"pl-PL\",\"@id\":\"https:\\\/\\\/secure.gravatar.com\\\/avatar\\\/b47b61b52b9f0cb8d47ec89c3357bd354baeaf7157552c7a8b1004e123a3ca82?s=96&d=mm&r=g\",\"url\":\"https:\\\/\\\/secure.gravatar.com\\\/avatar\\\/b47b61b52b9f0cb8d47ec89c3357bd354baeaf7157552c7a8b1004e123a3ca82?s=96&d=mm&r=g\",\"contentUrl\":\"https:\\\/\\\/secure.gravatar.com\\\/avatar\\\/b47b61b52b9f0cb8d47ec89c3357bd354baeaf7157552c7a8b1004e123a3ca82?s=96&d=mm&r=g\",\"caption\":\"admin\"},\"sameAs\":[\"https:\\\/\\\/przeginia.edu.pl\"],\"url\":\"https:\\\/\\\/przeginia.edu.pl\\\/index.php\\\/author\\\/admin\\\/\"}]}<\/script>\n<!-- \/ Yoast SEO plugin. -->","yoast_head_json":{"title":"Wycieczka klas 5 - Zesp&oacute;\u0142 Szk&oacute;\u0142 w Przegini","robots":{"index":"index","follow":"follow","max-snippet":"max-snippet:-1","max-image-preview":"max-image-preview:large","max-video-preview":"max-video-preview:-1"},"canonical":"https:\/\/przeginia.edu.pl\/index.php\/2025\/10\/01\/wycieczka-klas-5\/","og_locale":"pl_PL","og_type":"article","og_title":"Wycieczka klas 5 - Zesp&oacute;\u0142 Szk&oacute;\u0142 w Przegini","og_description":"W dniu dzisiejszym klasa 5a i 5b wybra\u0142y si\u0119 na wycieczk\u0119 na Leskowiec. Cho\u0107 warunki nie sprzyja\u0142y, to wszyscy dzielnie maszerowali, nie zwa\u017caj\u0105c na deszcz i wiatr. W drodze powrotnej humory dopisywa\u0142y pomimo akrobatycznych wyczyn\u00f3w. Emocji nie brakowa\u0142o (Maja wie o co chodzi).","og_url":"https:\/\/przeginia.edu.pl\/index.php\/2025\/10\/01\/wycieczka-klas-5\/","og_site_name":"Zesp&oacute;\u0142 Szk&oacute;\u0142 w Przegini","article_published_time":"2025-10-01T00:00:00+00:00","article_modified_time":"2026-01-13T19:24:11+00:00","og_image":[{"width":749,"height":999,"url":"https:\/\/przeginia.edu.pl\/wp-content\/uploads\/2026\/01\/IMG_0352-scaled-1.jpeg","type":"image\/jpeg"}],"author":"admin","twitter_card":"summary_large_image","twitter_misc":{"Napisane przez":"admin"},"schema":{"@context":"https:\/\/schema.org","@graph":[{"@type":"Article","@id":"https:\/\/przeginia.edu.pl\/index.php\/2025\/10\/01\/wycieczka-klas-5\/#article","isPartOf":{"@id":"https:\/\/przeginia.edu.pl\/index.php\/2025\/10\/01\/wycieczka-klas-5\/"},"author":{"name":"admin","@id":"https:\/\/przeginia.edu.pl\/#\/schema\/person\/1aa7b162ac900bc6f0537702220cb130"},"headline":"Wycieczka klas 5","datePublished":"2025-10-01T00:00:00+00:00","dateModified":"2026-01-13T19:24:11+00:00","mainEntityOfPage":{"@id":"https:\/\/przeginia.edu.pl\/index.php\/2025\/10\/01\/wycieczka-klas-5\/"},"wordCount":52,"publisher":{"@id":"https:\/\/przeginia.edu.pl\/#organization"},"image":{"@id":"https:\/\/przeginia.edu.pl\/index.php\/2025\/10\/01\/wycieczka-klas-5\/#primaryimage"},"thumbnailUrl":"https:\/\/przeginia.edu.pl\/wp-content\/uploads\/2026\/01\/IMG_0352-scaled-1.jpeg","articleSection":["Szko\u0142a Podstawowa 2025\/26"],"inLanguage":"pl-PL"},{"@type":"WebPage","@id":"https:\/\/przeginia.edu.pl\/index.php\/2025\/10\/01\/wycieczka-klas-5\/","url":"https:\/\/przeginia.edu.pl\/index.php\/2025\/10\/01\/wycieczka-klas-5\/","name":"Wycieczka klas 5 - Zesp&oacute;\u0142 Szk&oacute;\u0142 w Przegini","isPartOf":{"@id":"https:\/\/przeginia.edu.pl\/#website"},"primaryImageOfPage":{"@id":"https:\/\/przeginia.edu.pl\/index.php\/2025\/10\/01\/wycieczka-klas-5\/#primaryimage"},"image":{"@id":"https:\/\/przeginia.edu.pl\/index.php\/2025\/10\/01\/wycieczka-klas-5\/#primaryimage"},"thumbnailUrl":"https:\/\/przeginia.edu.pl\/wp-content\/uploads\/2026\/01\/IMG_0352-scaled-1.jpeg","datePublished":"2025-10-01T00:00:00+00:00","dateModified":"2026-01-13T19:24:11+00:00","breadcrumb":{"@id":"https:\/\/przeginia.edu.pl\/index.php\/2025\/10\/01\/wycieczka-klas-5\/#breadcrumb"},"inLanguage":"pl-PL","potentialAction":[{"@type":"ReadAction","target":["https:\/\/przeginia.edu.pl\/index.php\/2025\/10\/01\/wycieczka-klas-5\/"]}]},{"@type":"ImageObject","inLanguage":"pl-PL","@id":"https:\/\/przeginia.edu.pl\/index.php\/2025\/10\/01\/wycieczka-klas-5\/#primaryimage","url":"https:\/\/przeginia.edu.pl\/wp-content\/uploads\/2026\/01\/IMG_0352-scaled-1.jpeg","contentUrl":"https:\/\/przeginia.edu.pl\/wp-content\/uploads\/2026\/01\/IMG_0352-scaled-1.jpeg","width":749,"height":999},{"@type":"BreadcrumbList","@id":"https:\/\/przeginia.edu.pl\/index.php\/2025\/10\/01\/wycieczka-klas-5\/#breadcrumb","itemListElement":[{"@type":"ListItem","position":1,"name":"Strona g\u0142\u00f3wna","item":"https:\/\/przeginia.edu.pl\/"},{"@type":"ListItem","position":2,"name":"Wycieczka klas 5"}]},{"@type":"WebSite","@id":"https:\/\/przeginia.edu.pl\/#website","url":"https:\/\/przeginia.edu.pl\/","name":"Zesp\u00f3\u0142 Szk\u00f3\u0142 w Przegini","description":"Odwaga w dzia\u0142aniu, m\u0105dro\u015b\u0107 w nauce, serce w przyja\u017ani.","publisher":{"@id":"https:\/\/przeginia.edu.pl\/#organization"},"potentialAction":[{"@type":"SearchAction","target":{"@type":"EntryPoint","urlTemplate":"https:\/\/przeginia.edu.pl\/?s={search_term_string}"},"query-input":{"@type":"PropertyValueSpecification","valueRequired":true,"valueName":"search_term_string"}}],"inLanguage":"pl-PL"},{"@type":"Organization","@id":"https:\/\/przeginia.edu.pl\/#organization","name":"Zesp\u00f3\u0142 Szk\u00f3\u0142 w Przegini","url":"https:\/\/przeginia.edu.pl\/","logo":{"@type":"ImageObject","inLanguage":"pl-PL","@id":"https:\/\/przeginia.edu.pl\/#\/schema\/logo\/image\/","url":"https:\/\/przeginia.edu.pl\/wp-content\/uploads\/2026\/02\/log-100.png","contentUrl":"https:\/\/przeginia.edu.pl\/wp-content\/uploads\/2026\/02\/log-100.png","width":470,"height":100,"caption":"Zesp\u00f3\u0142 Szk\u00f3\u0142 w Przegini"},"image":{"@id":"https:\/\/przeginia.edu.pl\/#\/schema\/logo\/image\/"}},{"@type":"Person","@id":"https:\/\/przeginia.edu.pl\/#\/schema\/person\/1aa7b162ac900bc6f0537702220cb130","name":"admin","image":{"@type":"ImageObject","inLanguage":"pl-PL","@id":"https:\/\/secure.gravatar.com\/avatar\/b47b61b52b9f0cb8d47ec89c3357bd354baeaf7157552c7a8b1004e123a3ca82?s=96&d=mm&r=g","url":"https:\/\/secure.gravatar.com\/avatar\/b47b61b52b9f0cb8d47ec89c3357bd354baeaf7157552c7a8b1004e123a3ca82?s=96&d=mm&r=g","contentUrl":"https:\/\/secure.gravatar.com\/avatar\/b47b61b52b9f0cb8d47ec89c3357bd354baeaf7157552c7a8b1004e123a3ca82?s=96&d=mm&r=g","caption":"admin"},"sameAs":["https:\/\/przeginia.edu.pl"],"url":"https:\/\/przeginia.edu.pl\/index.php\/author\/admin\/"}]}},"_links":{"self":[{"href":"https:\/\/przeginia.edu.pl\/index.php\/wp-json\/wp\/v2\/posts\/2875","targetHints":{"allow":["GET"]}}],"collection":[{"href":"https:\/\/przeginia.edu.pl\/index.php\/wp-json\/wp\/v2\/posts"}],"about":[{"href":"https:\/\/przeginia.edu.pl\/index.php\/wp-json\/wp\/v2\/types\/post"}],"author":[{"embeddable":true,"href":"https:\/\/przeginia.edu.pl\/index.php\/wp-json\/wp\/v2\/users\/1"}],"replies":[{"embeddable":true,"href":"https:\/\/przeginia.edu.pl\/index.php\/wp-json\/wp\/v2\/comments?post=2875"}],"version-history":[{"count":2,"href":"https:\/\/przeginia.edu.pl\/index.php\/wp-json\/wp\/v2\/posts\/2875\/revisions"}],"predecessor-version":[{"id":3206,"href":"https:\/\/przeginia.edu.pl\/index.php\/wp-json\/wp\/v2\/posts\/2875\/revisions\/3206"}],"wp:featuredmedia":[{"embeddable":true,"href":"https:\/\/przeginia.edu.pl\/index.php\/wp-json\/wp\/v2\/media\/3156"}],"wp:attachment":[{"href":"https:\/\/przeginia.edu.pl\/index.php\/wp-json\/wp\/v2\/media?parent=2875"}],"wp:term":[{"taxonomy":"category","embeddable":true,"href":"https:\/\/przeginia.edu.pl\/index.php\/wp-json\/wp\/v2\/categories?post=2875"},{"taxonomy":"post_tag","embeddable":true,"href":"https:\/\/przeginia.edu.pl\/index.php\/wp-json\/wp\/v2\/tags?post=2875"}],"curies":[{"name":"wp","href":"https:\/\/api.w.org\/{rel}","templated":true}]}}